{"id":16136,"date":"2017-10-25T08:00:08","date_gmt":"2017-10-25T07:00:08","guid":{"rendered":"http:\/\/www.gestmusic.es\/?p=16136"},"modified":"2023-03-15T18:53:49","modified_gmt":"2023-03-15T17:53:49","slug":"tu-cara-me-suena-premio-iris-2017-al-mejor-programa-de-entretenimiento","status":"publish","type":"post","link":"https:\/\/www.gestmusic.es\/en\/tu-cara-me-suena-premio-iris-2017-al-mejor-programa-de-entretenimiento\/","title":{"rendered":"&#8216;Tu cara me suena&#8217;, Premio Iris 2017 al mejor programa de entretenimiento"},"content":{"rendered":"\n<p>&#8216;Tu cara me suena&#8217; ha recibido el <strong>Premio Iris 2017<\/strong> de la Academia de Televisi\u00f3n al <strong>mejor programa de entretenimiento<\/strong>. La quinta edici\u00f3n del programa se convirti\u00f3 en el formato de entretenimiento<strong> m\u00e1s visto en 2017 <\/strong>con m\u00e1s de 3,2 millones de espectadores y un 23,6% de media de share, convirti\u00e9ndose en la edici\u00f3n de mayor \u00e9xito hasta la fecha.<\/p>\n\n\n\n<p>&#8216;<strong>Tu Cara Me Suena&#8217;<\/strong> se estren\u00f3 en el 2011 en Espa\u00f1a donde lleva seis temporadas en antena. Durante este tiempo ha sido exportado a 41 pa\u00edses de Europa, Am\u00e9rica, Asia y Oriente Medio. La versi\u00f3n con famosos del formato ha cosechado grandes \u00e9xitos de audiencia en numerosos pa\u00edses,&nbsp;contando en pr\u00e1cticamente todos ellos&nbsp;con varias&nbsp;ediciones del programa como es el caso de Ruman\u00eda que lleva diez ediciones emitidas, Polonia&nbsp;e&nbsp;Italia con seis,&nbsp;o cinco ediciones en China. Este \u00faltimo pa\u00eds congrega frente al televisor a 500 millones de espectadores.<\/p>\n\n\n\n<figure class=\"wp-block-video\"><video height=\"360\" style=\"aspect-ratio: 640 \/ 360;\" width=\"640\" controls src=\"https:\/\/www.gestmusic.es\/wp-content\/uploads\/2017\/10\/Tu-cara-me-suena-_Antena-3__360p_e866248a.mp4\"><\/video><\/figure>\n\n\n\n<p>&#8216;Tu cara me suena&#8217; ha recibido <strong>15 galardones hasta la fecha<\/strong>, seis &#8216;Premios Iris&#8217; de la Academia de la Televisi\u00f3n, incluyendo el de mejor programa de entretenimiento, mejor presentador y mejor maquillaje, peluquer\u00eda y caracterizaci\u00f3n; el premio &#8216;Antena de Oro&#8217; al mejor presentador o el \u2018Premio Ondas\u2019 al mejor programa de entretenimiento. Adem\u00e1s, ha obtenido el premio FAPAE 2016 al formato televisivo espa\u00f1ol con mayor repercusi\u00f3n internacional; un &#8216;Frapa Awards 2012&#8217; al mejor concurso reality del mundo; el &#8216;Neox Fan Awards&#8217; en 2014 al program\u00f3n del a\u00f1o, as\u00ed como el premio al programa m\u00e1s divertido y \u2018Premio de la Cr\u00edtica\u2019 al mejor programa de entretenimiento, otorgados por el FesTVal de Televisi\u00f3n, festival que ha premiado en la presente edici\u00f3n a Manel Fuentes con el Premio Mainat.<\/p>\n","protected":false},"excerpt":{"rendered":"<p>&#8216;Tu cara me suena&#8217; ha recibido el Premio Iris 2017 de la Academia de Televisi\u00f3n al mejor programa de entretenimiento. La quinta edici\u00f3n del programa se convirti\u00f3 en el formato&#8230;<\/p>\n","protected":false},"author":3,"featured_media":27057,"comment_status":"open","ping_status":"open","sticky":false,"template":"","format":"standard","meta":{"inline_featured_image":false,"footnotes":""},"categories":[3,58,43,25],"tags":[32,154,36],"class_list":{"0":"post-16136","1":"post","2":"type-post","3":"status-publish","4":"format-standard","5":"has-post-thumbnail","7":"category-gestmusic","8":"category-premios","9":"category-programa","10":"category-tu-cara-me-suena","11":"tag-antena-3","12":"tag-premios-iris","13":"tag-tu-cara-me-suena"},"_links":{"self":[{"href":"https:\/\/www.gestmusic.es\/en\/wp-json\/wp\/v2\/posts\/16136","targetHints":{"allow":["GET"]}}],"collection":[{"href":"https:\/\/www.gestmusic.es\/en\/wp-json\/wp\/v2\/posts"}],"about":[{"href":"https:\/\/www.gestmusic.es\/en\/wp-json\/wp\/v2\/types\/post"}],"author":[{"embeddable":true,"href":"https:\/\/www.gestmusic.es\/en\/wp-json\/wp\/v2\/users\/3"}],"replies":[{"embeddable":true,"href":"https:\/\/www.gestmusic.es\/en\/wp-json\/wp\/v2\/comments?post=16136"}],"version-history":[{"count":2,"href":"https:\/\/www.gestmusic.es\/en\/wp-json\/wp\/v2\/posts\/16136\/revisions"}],"predecessor-version":[{"id":30639,"href":"https:\/\/www.gestmusic.es\/en\/wp-json\/wp\/v2\/posts\/16136\/revisions\/30639"}],"wp:featuredmedia":[{"embeddable":true,"href":"https:\/\/www.gestmusic.es\/en\/wp-json\/wp\/v2\/media\/27057"}],"wp:attachment":[{"href":"https:\/\/www.gestmusic.es\/en\/wp-json\/wp\/v2\/media?parent=16136"}],"wp:term":[{"taxonomy":"category","embeddable":true,"href":"https:\/\/www.gestmusic.es\/en\/wp-json\/wp\/v2\/categories?post=16136"},{"taxonomy":"post_tag","embeddable":true,"href":"https:\/\/www.gestmusic.es\/en\/wp-json\/wp\/v2\/tags?post=16136"}],"curies":[{"name":"wp","href":"https:\/\/api.w.org\/{rel}","templated":true}]}}